{"id":1954,"date":"2025-11-25T07:24:15","date_gmt":"2025-11-25T10:24:15","guid":{"rendered":"https:\/\/milkshowagro.com.br\/?p=1954"},"modified":"2025-11-26T13:42:13","modified_gmt":"2025-11-26T16:42:13","slug":"maior-feira-do-leite-do-brasil-central-anuncia-edicao-mais-ampla-e-integrada-para-2026","status":"publish","type":"post","link":"https:\/\/milkshowagro.com.br\/?p=1954","title":{"rendered":"MAIOR FEIRA DO LEITE DO BRASIL CENTRAL ANUNCIA EDI\u00c7\u00c3O MAIS AMPLA E INTEGRADA PARA 2026"},"content":{"rendered":"\n<p><em>Evento ter\u00e1 tr\u00eas pavilh\u00f5es, estreia do&nbsp;<\/em><em>Milkconect<\/em><em>&nbsp;e foco em gen\u00e9tica e robotiza\u00e7\u00e3o<\/em><\/p>\n\n\n\n<p>A maior feira da cadeia produtiva do leite do Brasil Central j\u00e1 tem data confirmada para 2026. A&nbsp;<strong>24\u00aa&nbsp;<\/strong><strong>Milkshow<\/strong>&nbsp;acontecer\u00e1 de&nbsp;<strong>7 a 11 de julho<\/strong>, em Patos de Minas, e est\u00e1 sendo preparada para se tornar a edi\u00e7\u00e3o mais completa e transformadora da hist\u00f3ria do evento. Com o tema&nbsp;<strong>\u201cDo campo \u00e0 ind\u00fastria: conectando a for\u00e7a do leite\u201d,<\/strong>&nbsp;os debates ser\u00e3o norteados principalmente por gen\u00e9tica e robotiza\u00e7\u00e3o.<\/p>\n\n\n\n<p>As diretrizes e novidades da pr\u00f3xima edi\u00e7\u00e3o foram anunciadas durante o lan\u00e7amento oficial realizado no dia 13 de novembro, em Patos de Minas. Um jantar de confraterniza\u00e7\u00e3o reuniu parceiros, potenciais expositores de diferentes segmentos da cadeia leiteira, autoridades e ve\u00edculos de imprensa. Na ocasi\u00e3o, o vice-presidente da&nbsp;Coopatos, Gilberto Carneiro, apresentou a proposta da&nbsp;Milkshow&nbsp;2026 e refor\u00e7ou o prop\u00f3sito do evento de conectar todos os elos da cadeia produtiva.<\/p>\n\n\n\n<p>Uma das principais novidades \u00e9 a expans\u00e3o do espa\u00e7o de exposi\u00e7\u00e3o, que passa de um para&nbsp;<strong>tr\u00eas pavilh\u00f5es,<\/strong>&nbsp;contemplando, al\u00e9m dos produtores rurais, os segmentos de nutri\u00e7\u00e3o animal e de ind\u00fastrias e latic\u00ednios. Essas tr\u00eas vertentes tamb\u00e9m estar\u00e3o no centro do&nbsp;<strong>Milkconect<\/strong>, atividade que estrear\u00e1 em 2026 como o f\u00f3rum oficial da cadeia produtiva do leite e abrir\u00e1 a programa\u00e7\u00e3o da feira. \u201cTeremos a palestra magna e, na sequ\u00eancia, pain\u00e9is e debates estrat\u00e9gicos sobre o presente e o futuro do leite brasileiro\u201d, adiantou o vice-presidente.<\/p>\n\n\n\n<p>A programa\u00e7\u00e3o contar\u00e1 ainda com atividades j\u00e1 tradicionais da&nbsp;Milkshow, como&nbsp;<strong>Clube da Bezerra<\/strong>,&nbsp;<strong>Nata do Leite<\/strong>&nbsp;e&nbsp;<strong>Concurso de Silagem<\/strong>. A&nbsp;<strong>exposi\u00e7\u00e3o de animais ranqueados<\/strong>, iniciada na edi\u00e7\u00e3o deste ano, tamb\u00e9m permanece no cronograma.<\/p>\n\n\n\n<figure class=\"wp-block-gallery has-nested-images columns-default is-cropped wp-block-gallery-1 is-layout-flex wp-block-gallery-is-layout-flex\">\n<figure class=\"wp-block-image size-large\"><img fetchpriority=\"high\" decoding=\"async\" width=\"1024\" height=\"682\" data-id=\"1955\" src=\"https:\/\/milkshowagro.com.br\/wp-content\/uploads\/2025\/11\/image-1024x682.png\" alt=\"\" class=\"wp-image-1955\" srcset=\"https:\/\/milkshowagro.com.br\/wp-content\/uploads\/2025\/11\/image-1024x682.png 1024w, https:\/\/milkshowagro.com.br\/wp-content\/uploads\/2025\/11\/image-300x200.png 300w, https:\/\/milkshowagro.com.br\/wp-content\/uploads\/2025\/11\/image-768x512.png 768w, https:\/\/milkshowagro.com.br\/wp-content\/uploads\/2025\/11\/image.png 1379w\" sizes=\"(max-width: 1024px) 100vw, 1024px\" \/><\/figure>\n\n\n\n<figure class=\"wp-block-image size-large\"><img decoding=\"async\" width=\"1024\" height=\"682\" data-id=\"1958\" src=\"https:\/\/milkshowagro.com.br\/wp-content\/uploads\/2025\/11\/image-3-1024x682.png\" alt=\"\" class=\"wp-image-1958\" srcset=\"https:\/\/milkshowagro.com.br\/wp-content\/uploads\/2025\/11\/image-3-1024x682.png 1024w, https:\/\/milkshowagro.com.br\/wp-content\/uploads\/2025\/11\/image-3-300x200.png 300w, https:\/\/milkshowagro.com.br\/wp-content\/uploads\/2025\/11\/image-3-768x512.png 768w, https:\/\/milkshowagro.com.br\/wp-content\/uploads\/2025\/11\/image-3.png 1379w\" sizes=\"(max-width: 1024px) 100vw, 1024px\" \/><\/figure>\n\n\n\n<figure class=\"wp-block-image size-large\"><img decoding=\"async\" width=\"1024\" height=\"683\" data-id=\"1957\" src=\"https:\/\/milkshowagro.com.br\/wp-content\/uploads\/2025\/11\/image-2-1024x683.png\" alt=\"\" class=\"wp-image-1957\" srcset=\"https:\/\/milkshowagro.com.br\/wp-content\/uploads\/2025\/11\/image-2-1024x683.png 1024w, https:\/\/milkshowagro.com.br\/wp-content\/uploads\/2025\/11\/image-2-300x200.png 300w, https:\/\/milkshowagro.com.br\/wp-content\/uploads\/2025\/11\/image-2-768x512.png 768w, https:\/\/milkshowagro.com.br\/wp-content\/uploads\/2025\/11\/image-2.png 1380w\" sizes=\"(max-width: 1024px) 100vw, 1024px\" \/><\/figure>\n\n\n\n<figure class=\"wp-block-image size-large\"><img loading=\"lazy\" decoding=\"async\" width=\"1024\" height=\"624\" data-id=\"1956\" src=\"https:\/\/milkshowagro.com.br\/wp-content\/uploads\/2025\/11\/image-1-1024x624.png\" alt=\"\" class=\"wp-image-1956\" srcset=\"https:\/\/milkshowagro.com.br\/wp-content\/uploads\/2025\/11\/image-1-1024x624.png 1024w, https:\/\/milkshowagro.com.br\/wp-content\/uploads\/2025\/11\/image-1-300x183.png 300w, https:\/\/milkshowagro.com.br\/wp-content\/uploads\/2025\/11\/image-1-768x468.png 768w, https:\/\/milkshowagro.com.br\/wp-content\/uploads\/2025\/11\/image-1.png 1380w\" sizes=\"(max-width: 1024px) 100vw, 1024px\" \/><\/figure>\n<\/figure>\n\n\n\n<p>&#8220;A Milkshow \u00e9 uma estrat\u00e9gia para fortalecer a pecu\u00e1ria leiteira e dar ao setor o protagonismo que ele merece, trazendo os debates para o Alto Parana\u00edba e noroeste, regi\u00f5es respons\u00e1veis por produzir cerca de 60% do leite de Minas Gerais.&#8221;<\/p>\n\n\n\n<p>Jos\u00e9 Francelino Dias<\/p>\n\n\n\n<p>Presidente Coopatos&nbsp;<\/p>\n","protected":false},"excerpt":{"rendered":"<p>Evento ter\u00e1 tr\u00eas pavilh\u00f5es, estreia do&nbsp;Milkconect&nbsp;e foco em gen\u00e9tica e robotiza\u00e7\u00e3o A maior feira da cadeia produtiva do leite do Brasil Central j\u00e1 tem data confirmada para 2026. A&nbsp;24\u00aa&nbsp;Milkshow&nbsp;acontecer\u00e1 de&nbsp;7 a 11 de julho, em Patos de Minas, e est\u00e1 sendo preparada para se tornar a edi\u00e7\u00e3o mais completa e transformadora da hist\u00f3ria do evento. [&hellip;]<\/p>\n","protected":false},"author":2,"featured_media":2066,"comment_status":"open","ping_status":"open","sticky":false,"template":"","format":"standard","meta":{"_joinchat":[],"footnotes":""},"categories":[1],"tags":[],"class_list":["post-1954","post","type-post","status-publish","format-standard","has-post-thumbnail","hentry","category-blog"],"_links":{"self":[{"href":"https:\/\/milkshowagro.com.br\/index.php?rest_route=\/wp\/v2\/posts\/1954","targetHints":{"allow":["GET"]}}],"collection":[{"href":"https:\/\/milkshowagro.com.br\/index.php?rest_route=\/wp\/v2\/posts"}],"about":[{"href":"https:\/\/milkshowagro.com.br\/index.php?rest_route=\/wp\/v2\/types\/post"}],"author":[{"embeddable":true,"href":"https:\/\/milkshowagro.com.br\/index.php?rest_route=\/wp\/v2\/users\/2"}],"replies":[{"embeddable":true,"href":"https:\/\/milkshowagro.com.br\/index.php?rest_route=%2Fwp%2Fv2%2Fcomments&post=1954"}],"version-history":[{"count":3,"href":"https:\/\/milkshowagro.com.br\/index.php?rest_route=\/wp\/v2\/posts\/1954\/revisions"}],"predecessor-version":[{"id":2231,"href":"https:\/\/milkshowagro.com.br\/index.php?rest_route=\/wp\/v2\/posts\/1954\/revisions\/2231"}],"wp:featuredmedia":[{"embeddable":true,"href":"https:\/\/milkshowagro.com.br\/index.php?rest_route=\/wp\/v2\/media\/2066"}],"wp:attachment":[{"href":"https:\/\/milkshowagro.com.br\/index.php?rest_route=%2Fwp%2Fv2%2Fmedia&parent=1954"}],"wp:term":[{"taxonomy":"category","embeddable":true,"href":"https:\/\/milkshowagro.com.br\/index.php?rest_route=%2Fwp%2Fv2%2Fcategories&post=1954"},{"taxonomy":"post_tag","embeddable":true,"href":"https:\/\/milkshowagro.com.br\/index.php?rest_route=%2Fwp%2Fv2%2Ftags&post=1954"}],"curies":[{"name":"wp","href":"https:\/\/api.w.org\/{rel}","templated":true}]}}